{"id":3976,"date":"2016-07-30T08:16:30","date_gmt":"2016-07-30T08:16:30","guid":{"rendered":"http:\/\/www.gadae.com\/blog\/?p=3976"},"modified":"2016-07-28T08:29:29","modified_gmt":"2016-07-28T08:29:29","slug":"como-proteger-tu-ordenador-en-verano","status":"publish","type":"post","link":"https:\/\/www.gadae.com\/blog\/como-proteger-tu-ordenador-en-verano\/","title":{"rendered":"\u00bfC\u00f3mo proteger tu ordenador en verano?"},"content":{"rendered":"<p><img loading=\"lazy\" decoding=\"async\" class=\"aligncenter wp-image-3977 size-full\" title=\"teclado\" src=\"http:\/\/www.gadae.com\/blog\/wp-content\/uploads\/ordenadores-verano.jpg\" alt=\"ordenador\" width=\"760\" height=\"507\" srcset=\"https:\/\/www.gadae.com\/blog\/wp-content\/uploads\/ordenadores-verano.jpg 760w, https:\/\/www.gadae.com\/blog\/wp-content\/uploads\/ordenadores-verano-300x200.jpg 300w\" sizes=\"auto, (max-width: 760px) 100vw, 760px\" \/><\/p>\n<p>El verano es una \u00e9poca de descuidos y falta de atenci\u00f3n donde es f\u00e1cil tener la cabeza en otra parte. Esto no deber\u00eda ser excusa, sin embargo, para dejar de cuidar uno de nuestros m\u00e1s importantes activos. Nuestros ordenadores.<\/p>\n<p>Durante esta \u00e9poca del a\u00f1o pueden producirse diversos problemas relacionados con la falta de mantenimiento y dedicaci\u00f3n a las computadoras de nuestra empresa. Veamos algunas cosas que puedes hacer para tratar de proteger tu ordenador en verano.<!--more--><\/p>\n<h2>Qu\u00e9 hacer para proteger tus ordenadores durante el verano<\/h2>\n<p>Hay diversos problemas que pueden afectar a los ordenadores, tanto de hardware como de software.<\/p>\n<h4>Hardware<\/h4>\n<p>En lo relacionado con el hardware, hay que prestar mucha atenci\u00f3n a la temperatura de la sala donde est\u00e1n nuestros ordenadores, cuidar que no est\u00e9n expuestos al sol, ni siquiera en las horas fuera del horario laboral.<\/p>\n<p>El principal problema que se puede producir es la descompensaci\u00f3n t\u00e9rmica del disco duro. Someter los ordenadores a altas temperaturas en verano puede favorecer la reducci\u00f3n de su vida \u00fatil. Y <a href=\"http:\/\/www.gadae.com\/blog\/se-puede-recuperar-un-disco-duro-danado-fisicamente\/\" target=\"_blank\">recuperar un disco duro da\u00f1ado<\/a> no siempre es posible.<\/p>\n<p>Por otro lado, en los meses de m\u00e1s calor tambi\u00e9n suele haber un alto consumo el\u00e9ctrico, y tambi\u00e9n es probable que se puedan producir ca\u00eddas de tensi\u00f3n como consecuencia de los altos niveles de consumo de algunos aparatos de aire acondicionado.<\/p>\n<p>Como consejo, recomendamos simplemente trabajar con prudencia y sentido com\u00fan, buscando la m\u00e1xima eficiencia y el ahorro.<\/p>\n<p>El tiempo libre y la falta de uso de algunos ordenadores tambi\u00e9n es una ocasi\u00f3n excelente para realizar una <a href=\"http:\/\/www.gadae.com\/blog\/como-se-limpia-un-ordenador-por-dentro\/\" target=\"_blank\">limpieza f\u00edsica del interior de las computadoras<\/a>. Ya que no se est\u00e1n usando por vacaciones, es el momento ideal para dejarlo en las mejores condiciones.<\/p>\n<h4>Software<\/h4>\n<p>En lo relacionado con el software y el uso del ordenador, el verano es una \u00e9poca en la que hay buscar el m\u00e1ximo control, especialmente si nos vamos de vacaciones. Por ejemplo:<\/p>\n<ul>\n<li>Controlar y monitorizar el uso de nuestros ordenadores mientras no estamos en la empresa, aplicando las t\u00e9cnicas de mantenimiento inform\u00e1tico preventivo.<\/li>\n<li>Vigilar que se cumplan las condiciones de seguridad en cuanto al uso de contrase\u00f1as. No delegar tareas en personal no autorizado, ni enviar contrase\u00f1as mediante dispositivos electr\u00f3nicos.<\/li>\n<li>Asegurarse de que todo el personal sigan unas normas de seguridad en cuanto a navegaci\u00f3n por Internet. Especialmente becarios en pr\u00e1cticas y personas reci\u00e9n incorporadas.<\/li>\n<li>Aprovechar el tiempo disponible para realizar las tareas que requieran de m\u00e1s tiempo; an\u00e1lisis de virus en profundidad, formateo de ordenadores, instalaci\u00f3n de programas, etc.<\/li>\n<\/ul>\n<p>Espero que puedas disfrutar de un buen verano y puedas conseguir excelentes resultados en tu empresa.<\/p>\n","protected":false},"excerpt":{"rendered":"<p>El verano es una \u00e9poca de descuidos y falta de atenci\u00f3n donde es f\u00e1cil tener la cabeza en otra parte. Esto no deber\u00eda ser excusa, sin embargo, para dejar de cuidar uno de nuestros m\u00e1s importantes activos. Nuestros ordenadores.<\/p>\n<p>Durante esta \u00e9poca del a\u00f1o pueden producirse diversos problemas relacionados con la falta de mantenimiento y dedicaci\u00f3n a las computadoras de nuestra\u00a0[&#8230;]<\/p>\n","protected":false},"author":1,"featured_media":3977,"comment_status":"closed","ping_status":"closed","sticky":false,"template":"","format":"standard","meta":{"footnotes":""},"categories":[4],"tags":[295,88,467],"class_list":["post-3976","post","type-post","status-publish","format-standard","has-post-thumbnail","hentry","category-mantenimiento-informatico","tag-mantenimiento-de-ordenadores","tag-ordenadores","tag-verano","post-1","odd"],"yoast_head":"<!-- This site is optimized with the Yoast SEO plugin v24.8.1 - https:\/\/yoast.com\/wordpress\/plugins\/seo\/ -->\n<title>\u00bfC\u00f3mo proteger tu ordenador en verano? -<\/title>\n<meta name=\"robots\" content=\"index, follow, max-snippet:-1, max-image-preview:large, max-video-preview:-1\" \/>\n<link rel=\"canonical\" href=\"https:\/\/www.gadae.com\/blog\/como-proteger-tu-ordenador-en-verano\/\" \/>\n<meta property=\"og:locale\" content=\"es_ES\" \/>\n<meta property=\"og:type\" content=\"article\" \/>\n<meta property=\"og:title\" content=\"\u00bfC\u00f3mo proteger tu ordenador en verano? -\" \/>\n<meta property=\"og:description\" content=\"El verano es una \u00e9poca de descuidos y falta de atenci\u00f3n donde es f\u00e1cil tener la cabeza en otra parte. Esto no deber\u00eda ser excusa, sin embargo, para dejar de cuidar uno de nuestros m\u00e1s importantes activos. Nuestros ordenadores.  Durante esta \u00e9poca del a\u00f1o pueden producirse diversos problemas relacionados con la falta de mantenimiento y dedicaci\u00f3n a las computadoras de nuestra\u00a0[&#8230;]\" \/>\n<meta property=\"og:url\" content=\"https:\/\/www.gadae.com\/blog\/como-proteger-tu-ordenador-en-verano\/\" \/>\n<meta property=\"og:site_name\" content=\"Inform\u00e1tica para empresas\" \/>\n<meta property=\"article:published_time\" content=\"2016-07-30T08:16:30+00:00\" \/>\n<meta property=\"og:image\" content=\"https:\/\/www.gadae.com\/blog\/wp-content\/uploads\/ordenadores-verano.jpg\" \/>\n\t<meta property=\"og:image:width\" content=\"760\" \/>\n\t<meta property=\"og:image:height\" content=\"507\" \/>\n\t<meta property=\"og:image:type\" content=\"image\/jpeg\" \/>\n<meta name=\"author\" content=\"admin\" \/>\n<meta name=\"twitter:label1\" content=\"Escrito por\" \/>\n\t<meta name=\"twitter:data1\" content=\"admin\" \/>\n\t<meta name=\"twitter:label2\" content=\"Tiempo de lectura\" \/>\n\t<meta name=\"twitter:data2\" content=\"2 minutos\" \/>\n<script type=\"application\/ld+json\" class=\"yoast-schema-graph\">{\"@context\":\"https:\/\/schema.org\",\"@graph\":[{\"@type\":\"WebPage\",\"@id\":\"https:\/\/www.gadae.com\/blog\/como-proteger-tu-ordenador-en-verano\/\",\"url\":\"https:\/\/www.gadae.com\/blog\/como-proteger-tu-ordenador-en-verano\/\",\"name\":\"\u00bfC\u00f3mo proteger tu ordenador en verano? -\",\"isPartOf\":{\"@id\":\"https:\/\/www.gadae.com\/blog\/#website\"},\"primaryImageOfPage\":{\"@id\":\"https:\/\/www.gadae.com\/blog\/como-proteger-tu-ordenador-en-verano\/#primaryimage\"},\"image\":{\"@id\":\"https:\/\/www.gadae.com\/blog\/como-proteger-tu-ordenador-en-verano\/#primaryimage\"},\"thumbnailUrl\":\"https:\/\/www.gadae.com\/blog\/wp-content\/uploads\/ordenadores-verano.jpg\",\"datePublished\":\"2016-07-30T08:16:30+00:00\",\"author\":{\"@id\":\"https:\/\/www.gadae.com\/blog\/#\/schema\/person\/64aac9ead116144f3fe9ca8f6f8fd205\"},\"breadcrumb\":{\"@id\":\"https:\/\/www.gadae.com\/blog\/como-proteger-tu-ordenador-en-verano\/#breadcrumb\"},\"inLanguage\":\"es\",\"potentialAction\":[{\"@type\":\"ReadAction\",\"target\":[\"https:\/\/www.gadae.com\/blog\/como-proteger-tu-ordenador-en-verano\/\"]}]},{\"@type\":\"ImageObject\",\"inLanguage\":\"es\",\"@id\":\"https:\/\/www.gadae.com\/blog\/como-proteger-tu-ordenador-en-verano\/#primaryimage\",\"url\":\"https:\/\/www.gadae.com\/blog\/wp-content\/uploads\/ordenadores-verano.jpg\",\"contentUrl\":\"https:\/\/www.gadae.com\/blog\/wp-content\/uploads\/ordenadores-verano.jpg\",\"width\":760,\"height\":507,\"caption\":\"ordenador\"},{\"@type\":\"BreadcrumbList\",\"@id\":\"https:\/\/www.gadae.com\/blog\/como-proteger-tu-ordenador-en-verano\/#breadcrumb\",\"itemListElement\":[{\"@type\":\"ListItem\",\"position\":1,\"name\":\"Home\",\"item\":\"https:\/\/www.gadae.com\/blog\/\"},{\"@type\":\"ListItem\",\"position\":2,\"name\":\"\u00bfC\u00f3mo proteger tu ordenador en verano?\"}]},{\"@type\":\"WebSite\",\"@id\":\"https:\/\/www.gadae.com\/blog\/#website\",\"url\":\"https:\/\/www.gadae.com\/blog\/\",\"name\":\"Inform\u00e1tica para empresas\",\"description\":\"Blog de inform\u00e1tica para empresas\",\"potentialAction\":[{\"@type\":\"SearchAction\",\"target\":{\"@type\":\"EntryPoint\",\"urlTemplate\":\"https:\/\/www.gadae.com\/blog\/?s={search_term_string}\"},\"query-input\":{\"@type\":\"PropertyValueSpecification\",\"valueRequired\":true,\"valueName\":\"search_term_string\"}}],\"inLanguage\":\"es\"},{\"@type\":\"Person\",\"@id\":\"https:\/\/www.gadae.com\/blog\/#\/schema\/person\/64aac9ead116144f3fe9ca8f6f8fd205\",\"name\":\"admin\",\"image\":{\"@type\":\"ImageObject\",\"inLanguage\":\"es\",\"@id\":\"https:\/\/www.gadae.com\/blog\/#\/schema\/person\/image\/\",\"url\":\"https:\/\/secure.gravatar.com\/avatar\/751415c65dd4c1915a4b90c300e4e193?s=96&d=mm&r=g\",\"contentUrl\":\"https:\/\/secure.gravatar.com\/avatar\/751415c65dd4c1915a4b90c300e4e193?s=96&d=mm&r=g\",\"caption\":\"admin\"},\"url\":\"https:\/\/www.gadae.com\/blog\/author\/admin\/\"}]}<\/script>\n<!-- \/ Yoast SEO plugin. -->","yoast_head_json":{"title":"\u00bfC\u00f3mo proteger tu ordenador en verano? -","robots":{"index":"index","follow":"follow","max-snippet":"max-snippet:-1","max-image-preview":"max-image-preview:large","max-video-preview":"max-video-preview:-1"},"canonical":"https:\/\/www.gadae.com\/blog\/como-proteger-tu-ordenador-en-verano\/","og_locale":"es_ES","og_type":"article","og_title":"\u00bfC\u00f3mo proteger tu ordenador en verano? -","og_description":"El verano es una \u00e9poca de descuidos y falta de atenci\u00f3n donde es f\u00e1cil tener la cabeza en otra parte. Esto no deber\u00eda ser excusa, sin embargo, para dejar de cuidar uno de nuestros m\u00e1s importantes activos. Nuestros ordenadores.  Durante esta \u00e9poca del a\u00f1o pueden producirse diversos problemas relacionados con la falta de mantenimiento y dedicaci\u00f3n a las computadoras de nuestra\u00a0[&#8230;]","og_url":"https:\/\/www.gadae.com\/blog\/como-proteger-tu-ordenador-en-verano\/","og_site_name":"Inform\u00e1tica para empresas","article_published_time":"2016-07-30T08:16:30+00:00","og_image":[{"width":760,"height":507,"url":"https:\/\/www.gadae.com\/blog\/wp-content\/uploads\/ordenadores-verano.jpg","type":"image\/jpeg"}],"author":"admin","twitter_misc":{"Escrito por":"admin","Tiempo de lectura":"2 minutos"},"schema":{"@context":"https:\/\/schema.org","@graph":[{"@type":"WebPage","@id":"https:\/\/www.gadae.com\/blog\/como-proteger-tu-ordenador-en-verano\/","url":"https:\/\/www.gadae.com\/blog\/como-proteger-tu-ordenador-en-verano\/","name":"\u00bfC\u00f3mo proteger tu ordenador en verano? -","isPartOf":{"@id":"https:\/\/www.gadae.com\/blog\/#website"},"primaryImageOfPage":{"@id":"https:\/\/www.gadae.com\/blog\/como-proteger-tu-ordenador-en-verano\/#primaryimage"},"image":{"@id":"https:\/\/www.gadae.com\/blog\/como-proteger-tu-ordenador-en-verano\/#primaryimage"},"thumbnailUrl":"https:\/\/www.gadae.com\/blog\/wp-content\/uploads\/ordenadores-verano.jpg","datePublished":"2016-07-30T08:16:30+00:00","author":{"@id":"https:\/\/www.gadae.com\/blog\/#\/schema\/person\/64aac9ead116144f3fe9ca8f6f8fd205"},"breadcrumb":{"@id":"https:\/\/www.gadae.com\/blog\/como-proteger-tu-ordenador-en-verano\/#breadcrumb"},"inLanguage":"es","potentialAction":[{"@type":"ReadAction","target":["https:\/\/www.gadae.com\/blog\/como-proteger-tu-ordenador-en-verano\/"]}]},{"@type":"ImageObject","inLanguage":"es","@id":"https:\/\/www.gadae.com\/blog\/como-proteger-tu-ordenador-en-verano\/#primaryimage","url":"https:\/\/www.gadae.com\/blog\/wp-content\/uploads\/ordenadores-verano.jpg","contentUrl":"https:\/\/www.gadae.com\/blog\/wp-content\/uploads\/ordenadores-verano.jpg","width":760,"height":507,"caption":"ordenador"},{"@type":"BreadcrumbList","@id":"https:\/\/www.gadae.com\/blog\/como-proteger-tu-ordenador-en-verano\/#breadcrumb","itemListElement":[{"@type":"ListItem","position":1,"name":"Home","item":"https:\/\/www.gadae.com\/blog\/"},{"@type":"ListItem","position":2,"name":"\u00bfC\u00f3mo proteger tu ordenador en verano?"}]},{"@type":"WebSite","@id":"https:\/\/www.gadae.com\/blog\/#website","url":"https:\/\/www.gadae.com\/blog\/","name":"Inform\u00e1tica para empresas","description":"Blog de inform\u00e1tica para empresas","potentialAction":[{"@type":"SearchAction","target":{"@type":"EntryPoint","urlTemplate":"https:\/\/www.gadae.com\/blog\/?s={search_term_string}"},"query-input":{"@type":"PropertyValueSpecification","valueRequired":true,"valueName":"search_term_string"}}],"inLanguage":"es"},{"@type":"Person","@id":"https:\/\/www.gadae.com\/blog\/#\/schema\/person\/64aac9ead116144f3fe9ca8f6f8fd205","name":"admin","image":{"@type":"ImageObject","inLanguage":"es","@id":"https:\/\/www.gadae.com\/blog\/#\/schema\/person\/image\/","url":"https:\/\/secure.gravatar.com\/avatar\/751415c65dd4c1915a4b90c300e4e193?s=96&d=mm&r=g","contentUrl":"https:\/\/secure.gravatar.com\/avatar\/751415c65dd4c1915a4b90c300e4e193?s=96&d=mm&r=g","caption":"admin"},"url":"https:\/\/www.gadae.com\/blog\/author\/admin\/"}]}},"_links":{"self":[{"href":"https:\/\/www.gadae.com\/blog\/wp-json\/wp\/v2\/posts\/3976","targetHints":{"allow":["GET"]}}],"collection":[{"href":"https:\/\/www.gadae.com\/blog\/wp-json\/wp\/v2\/posts"}],"about":[{"href":"https:\/\/www.gadae.com\/blog\/wp-json\/wp\/v2\/types\/post"}],"author":[{"embeddable":true,"href":"https:\/\/www.gadae.com\/blog\/wp-json\/wp\/v2\/users\/1"}],"replies":[{"embeddable":true,"href":"https:\/\/www.gadae.com\/blog\/wp-json\/wp\/v2\/comments?post=3976"}],"version-history":[{"count":1,"href":"https:\/\/www.gadae.com\/blog\/wp-json\/wp\/v2\/posts\/3976\/revisions"}],"predecessor-version":[{"id":3978,"href":"https:\/\/www.gadae.com\/blog\/wp-json\/wp\/v2\/posts\/3976\/revisions\/3978"}],"wp:featuredmedia":[{"embeddable":true,"href":"https:\/\/www.gadae.com\/blog\/wp-json\/wp\/v2\/media\/3977"}],"wp:attachment":[{"href":"https:\/\/www.gadae.com\/blog\/wp-json\/wp\/v2\/media?parent=3976"}],"wp:term":[{"taxonomy":"category","embeddable":true,"href":"https:\/\/www.gadae.com\/blog\/wp-json\/wp\/v2\/categories?post=3976"},{"taxonomy":"post_tag","embeddable":true,"href":"https:\/\/www.gadae.com\/blog\/wp-json\/wp\/v2\/tags?post=3976"}],"curies":[{"name":"wp","href":"https:\/\/api.w.org\/{rel}","templated":true}]}}